{"id":565,"date":"2014-06-25T12:56:52","date_gmt":"2014-06-25T12:56:52","guid":{"rendered":"http:\/\/www.crearestauracion.es\/?p=565"},"modified":"2014-06-25T15:19:32","modified_gmt":"2014-06-25T15:19:32","slug":"crea-restauracion-dando-a-conocer-la-restauracion-de-la-capilla-de-la-comunion","status":"publish","type":"post","link":"http:\/\/www.crearestauracion.es\/?p=565","title":{"rendered":"CREA Restauraci\u00f3n dando a conocer la restauraci\u00f3n de la Capilla de la Comuni\u00f3n"},"content":{"rendered":"<p style=\"text-align: justify;\">Una de las labores que m\u00e1s reconforta a los restauradores es poder dar a conocer su trabajo, que la divulgaci\u00f3n de nuestra labor y por tanto la concienciaci\u00f3n sobre lo que hacemos llegue al mayor p\u00fablico posible. Con esta idea fuimos invitados a participar de nuevo en el programa Monumenta, promovido por la Xunta de Galicia, que fomenta la difusi\u00f3n de las obras restauradas en esta comunidad aut\u00f3noma. El a\u00f1o pasado tuvimos el placer de explicar la restauraci\u00f3n de las pinturas del Muro Norte de la Iglesia de Santa Mar\u00eda de Nogueira de Mi\u00f1o (Chantada, Lugo).<\/p>\n<p style=\"text-align: justify;\">Este a\u00f1o 2014, participamos en la mesa redonda <strong>Monumenta Divulga:\u00a0A restauraci\u00f3n do patrimonio<\/strong> no Museo das Peregrinaci\u00f3ns e de Santiago. A lo largo de toda la tarde, profesionales que trabajamos durante a\u00f1os en la restauraci\u00f3n de la Catedral de Santiago\u00a0pusimos en com\u00fan nuestra experiencia, tratamientos realizados y curiosidades varias sobre los trabajos.<\/p>\n<p style=\"text-align: justify;\">\n<p style=\"text-align: justify;\"><span style=\"color: rgb(51, 51, 51);\"><a href=\"http:\/\/www.crearestauracion.es\/?p=571\"><span style=\"color: rgb(51, 51, 51);\">Nuestra breve<span style=\"color: #ff9900;\"><strong> exposici\u00f3n<\/strong><\/span> vers\u00f3 sobre l<span style=\"color: rgb(128, 128, 128);\">a <span style=\"color: #ff9900;\"><strong>restauraci\u00f3n del Retablo y las esculturas de los nichos de la Capilla de la Comuni\u00f3n de la Catedral de Santiago<\/strong><\/span><\/span>. Un trabajo realizado por CREA Restauraci\u00f3n en 2010 previo a la visita del Papa Benedicto XVI a Santiago.<\/span><\/a><\/span><\/p>\n<p style=\"text-align: justify;\"><img loading=\"lazy\" decoding=\"async\" class=\"aligncenter wp-image-639\" src=\"http:\/\/www.crearestauracion.es\/wp-content\/uploads\/2014\/06\/IMG-20140613-WA0000.jpg\" alt=\"IMG-20140613-WA0000\" width=\"581\" height=\"434\" srcset=\"http:\/\/www.crearestauracion.es\/wp-content\/uploads\/2014\/06\/IMG-20140613-WA0000.jpg 800w, http:\/\/www.crearestauracion.es\/wp-content\/uploads\/2014\/06\/IMG-20140613-WA0000-300x223.jpg 300w\" sizes=\"auto, (max-width: 581px) 100vw, 581px\" \/><\/p>\n<p>&nbsp;<\/p>\n<p style=\"text-align: justify;\">Desde aqu\u00ed queremos agradecer a todos nuestros compa\u00f1eros en dicho programa sus intervenciones:<\/p>\n<ul style=\"text-align: justify;\">\n<li style=\"font-weight: inherit; font-style: inherit;\"><strong style=\"font-style: inherit; color: #000000;\"><b>Impermeabilizacion de c\u00fapulas, cornixas e canal\u00f3ns da Catedral<\/b>.\u00a0<\/strong>Guillermo Rodr\u00edguez (Conservaci\u00f3n del Patrimonio Art\u00edstico Renovatio S.L.)<\/li>\n<li style=\"font-weight: inherit; font-style: inherit;\"><strong style=\"font-style: inherit; color: #000000;\">As esferas do reloxo da Berenguela.<\/strong>\u00a0Marta Becerro e Rosa Benavides (Tomos Conservaci\u00f3n Restauraci\u00f3n, S.L.)<\/li>\n<li style=\"font-weight: inherit; font-style: inherit;\"><strong style=\"font-style: inherit; color: #000000;\">Traballos de forxa na Catedral de Santiago.<\/strong>\u00a0Santiago Mart\u00ednez (Forxa Chago)<\/li>\n<li style=\"font-weight: inherit; font-style: inherit;\"><strong style=\"font-style: inherit; color: #000000;\">Traballos de canter\u00eda na Catedral de Santiago<\/strong>. Jos\u00e9 Manuel P. Font\u00e1n (Xeve Escultura e Canter\u00eda)<\/li>\n<li style=\"font-weight: inherit; font-style: inherit;\"><strong style=\"font-style: inherit; color: #000000;\">Restauraci\u00f3n de fachadas do P\u00f3rtico Real.<\/strong>\u00a0Angel Revuelta Alonso (Proyecto Arte Restauracion S.L.)<\/li>\n<li style=\"font-weight: inherit; font-style: inherit;\"><strong style=\"font-style: inherit; color: #000000;\">Programa Catedral de Santiago de Compostela<\/strong>. Enrique Fern\u00e1ndez Varela (Fundaci\u00f3n Barri\u00e9)<\/li>\n<li style=\"font-weight: inherit; font-style: inherit;\"><strong style=\"font-style: inherit; color: #000000;\">Retablo e esculturas dos nichos da Capela da Comuni\u00f3n.<\/strong>\u00a0Yolanda G\u00f3mez (Crea Restauraci\u00f3n S.L.)<\/li>\n<\/ul>\n<p>&nbsp;<\/p>\n","protected":false},"excerpt":{"rendered":"<p>Una de las labores que m\u00e1s reconforta a los restauradores es poder dar a conocer su trabajo, que la divulgaci\u00f3n de nuestra labor y por tanto la concienciaci\u00f3n sobre lo que hacemos llegue al mayor p\u00fablico posible. Con esta idea fuimos invitados a participar de nuevo en el programa Monumenta, promovido por la Xunta de [&hellip;]<\/p>\n","protected":false},"author":1,"featured_media":0,"comment_status":"open","ping_status":"open","sticky":false,"template":"","format":"standard","meta":{"footnotes":""},"categories":[2,35,4],"tags":[13,14,26,23,21,22,25,8,11,12,9],"class_list":["post-565","post","type-post","status-publish","format-standard","hentry","category-crea-restauracion","category-fp","category-retablo","tag-arte","tag-bienes-culturales","tag-capilla","tag-catedral","tag-catedral-de-santiago","tag-compostela","tag-comunion","tag-crea-restauracion-2","tag-galicia","tag-obras-de-arte","tag-restauracion"],"_links":{"self":[{"href":"http:\/\/www.crearestauracion.es\/index.php?rest_route=\/wp\/v2\/posts\/565","targetHints":{"allow":["GET"]}}],"collection":[{"href":"http:\/\/www.crearestauracion.es\/index.php?rest_route=\/wp\/v2\/posts"}],"about":[{"href":"http:\/\/www.crearestauracion.es\/index.php?rest_route=\/wp\/v2\/types\/post"}],"author":[{"embeddable":true,"href":"http:\/\/www.crearestauracion.es\/index.php?rest_route=\/wp\/v2\/users\/1"}],"replies":[{"embeddable":true,"href":"http:\/\/www.crearestauracion.es\/index.php?rest_route=%2Fwp%2Fv2%2Fcomments&post=565"}],"version-history":[{"count":14,"href":"http:\/\/www.crearestauracion.es\/index.php?rest_route=\/wp\/v2\/posts\/565\/revisions"}],"predecessor-version":[{"id":648,"href":"http:\/\/www.crearestauracion.es\/index.php?rest_route=\/wp\/v2\/posts\/565\/revisions\/648"}],"wp:attachment":[{"href":"http:\/\/www.crearestauracion.es\/index.php?rest_route=%2Fwp%2Fv2%2Fmedia&parent=565"}],"wp:term":[{"taxonomy":"category","embeddable":true,"href":"http:\/\/www.crearestauracion.es\/index.php?rest_route=%2Fwp%2Fv2%2Fcategories&post=565"},{"taxonomy":"post_tag","embeddable":true,"href":"http:\/\/www.crearestauracion.es\/index.php?rest_route=%2Fwp%2Fv2%2Ftags&post=565"}],"curies":[{"name":"wp","href":"https:\/\/api.w.org\/{rel}","templated":true}]}}